{"id":11928,"date":"2024-01-26T09:45:36","date_gmt":"2024-01-26T09:45:36","guid":{"rendered":"https:\/\/zellsys.de\/de\/?p=11928"},"modified":"2024-08-26T12:36:40","modified_gmt":"2024-08-26T12:36:40","slug":"erinnerung-buergerversammlung-am-02-februar-in-wittichenau","status":"publish","type":"post","link":"https:\/\/zellsys.de\/de\/erinnerung-buergerversammlung-am-02-februar-in-wittichenau\/","title":{"rendered":"Erinnerung: Einladung B\u00fcrgerversammlung"},"content":{"rendered":"<p><\/p>\n<h1 style=\"text-align: center;\"><strong>ZellSys Wittichenau &#8211; Die Zukunft der Energieversorgung im l\u00e4ndlichen Raum<\/strong><\/h1>\n<p>&nbsp;<\/p>\n<p><strong>Wir m\u00f6chten Sie ganz herzlich zur ZellSys-B\u00fcrgerversammlung einladen, um Ihnen die Ergebnisse der B\u00fcrgerbefragung zu pr\u00e4sentieren.<\/strong><\/p>\n<p><strong>Datum:<\/strong> \u00a0\u00a0\u00a0\u00a0\u00a0\u00a0\u00a0\u00a0\u00a0\u00a0\u00a0 Freitag, den 02. Februar 2024<br \/>\n<strong>Uhrzeit:<\/strong> \u00a0\u00a0\u00a0\u00a0\u00a0\u00a0\u00a0\u00a0\u00a0\u00a0 17 \u2013 18 Uhr<br \/>\n<strong>Ort:<\/strong> \u00a0\u00a0\u00a0\u00a0 \u00a0\u00a0\u00a0\u00a0\u00a0\u00a0\u00a0\u00a0\u00a0\u00a0\u00a0\u00a0\u00a0 Begegnungshaus &#8220;Jakubetzstift&#8221;<br \/>\nVerein(t) f\u00fcr Wittichenau e.V.<br \/>\nBautzener Stra\u00dfe 30<br \/>\n02997 Wittichenau<\/p>\n<p>Zudem wird es die M\u00f6glichkeit geben mit der TU Dresden, der Stadt Wittichenau und weiteren assoziierten Partnern in den Dialog zu kommen und den Inhalt mitzugestalten.<\/p>\n<p>Sollten Sie Fragen oder Anregungen f\u00fcr die B\u00fcrgerversammlung haben, m\u00f6chten wir Sie bitten, diese vorab an uns zu senden.<\/p>\n<p>&nbsp;<\/p>\n<p><strong>R\u00fcckfragen zur B\u00fcrgerbefragung und Auswertung<\/strong><br \/>\nAnsprechpartner: Dr.-Ing. Paul Seidel\/ Dipl.-Wi.-Ing. Pauline Grun<br \/>\nE-Mail: info@zellsys.de<\/p>","protected":false},"excerpt":{"rendered":"<p>ZellSys Wittichenau &#8211; Die Zukunft der Energieversorgung im l\u00e4ndlichen Raum &nbsp; Wir m\u00f6chten Sie ganz herzlich zur ZellSys-B\u00fcrgerversammlung einladen, um Ihnen die Ergebnisse der B\u00fcrgerbefragung zu pr\u00e4sentieren. Datum: \u00a0\u00a0\u00a0\u00a0\u00a0\u00a0\u00a0\u00a0\u00a0\u00a0\u00a0 Freitag, den 02. Februar 2024 Uhrzeit: \u00a0\u00a0\u00a0\u00a0\u00a0\u00a0\u00a0\u00a0\u00a0\u00a0 17 \u2013 18 Uhr Ort: \u00a0\u00a0\u00a0\u00a0 \u00a0\u00a0\u00a0\u00a0\u00a0\u00a0\u00a0\u00a0\u00a0\u00a0\u00a0\u00a0\u00a0 Begegnungshaus &#8220;Jakubetzstift&#8221; Verein(t) f\u00fcr Wittichenau e.V. Bautzener Stra\u00dfe 30 02997 Wittichenau Zudem [&hellip;]<\/p>\n","protected":false},"author":41,"featured_media":11893,"comment_status":"closed","ping_status":"closed","sticky":false,"template":"","format":"aside","meta":{"footnotes":""},"categories":[1],"tags":[],"_links":{"self":[{"href":"https:\/\/zellsys.de\/de\/wp-json\/wp\/v2\/posts\/11928"}],"collection":[{"href":"https:\/\/zellsys.de\/de\/wp-json\/wp\/v2\/posts"}],"about":[{"href":"https:\/\/zellsys.de\/de\/wp-json\/wp\/v2\/types\/post"}],"author":[{"embeddable":true,"href":"https:\/\/zellsys.de\/de\/wp-json\/wp\/v2\/users\/41"}],"replies":[{"embeddable":true,"href":"https:\/\/zellsys.de\/de\/wp-json\/wp\/v2\/comments?post=11928"}],"version-history":[{"count":2,"href":"https:\/\/zellsys.de\/de\/wp-json\/wp\/v2\/posts\/11928\/revisions"}],"predecessor-version":[{"id":11932,"href":"https:\/\/zellsys.de\/de\/wp-json\/wp\/v2\/posts\/11928\/revisions\/11932"}],"wp:featuredmedia":[{"embeddable":true,"href":"https:\/\/zellsys.de\/de\/wp-json\/wp\/v2\/media\/11893"}],"wp:attachment":[{"href":"https:\/\/zellsys.de\/de\/wp-json\/wp\/v2\/media?parent=11928"}],"wp:term":[{"taxonomy":"category","embeddable":true,"href":"https:\/\/zellsys.de\/de\/wp-json\/wp\/v2\/categories?post=11928"},{"taxonomy":"post_tag","embeddable":true,"href":"https:\/\/zellsys.de\/de\/wp-json\/wp\/v2\/tags?post=11928"}],"curies":[{"name":"wp","href":"https:\/\/api.w.org\/{rel}","templated":true}]}}