{"id":12219,"date":"2025-02-26T06:42:27","date_gmt":"2025-02-26T06:42:27","guid":{"rendered":"https:\/\/zellsys.de\/de\/?p=12219"},"modified":"2025-02-28T08:05:25","modified_gmt":"2025-02-28T08:05:25","slug":"einladung-buergerversammlung","status":"publish","type":"post","link":"https:\/\/zellsys.de\/de\/einladung-buergerversammlung\/","title":{"rendered":"Einladung B\u00fcrgerversammlung"},"content":{"rendered":"<p><\/p>\n<h2 style=\"text-align: center;\"><strong>ZellSys Wittichenau &#8211; Die Zukunft der Energieversorgung im l\u00e4ndlichen Raum<\/strong><\/h2>\n<p>&nbsp;<\/p>\n<p><strong>Wir m\u00f6chten uns nochmals f\u00fcr die rege Teilnahme an der Befragung bedanken und m\u00f6chten Sie ganz herzlich zur ZellSys-B\u00fcrgerversammlung einladen, um Ihnen die Ergebnisse der B\u00fcrgerbefragung zu pr\u00e4sentieren.<\/strong><\/p>\n<p>&nbsp;<\/p>\n<p><strong>Datum:<\/strong><\/p>\n<p style=\"padding-left: 40px;\">Dienstag, den 25. M\u00e4rz 2025<\/p>\n<p><strong>Uhrzeit:<\/strong><\/p>\n<p style=\"padding-left: 40px;\">17 \u2013 18 Uhr<\/p>\n<p><strong>Ort:<\/strong><\/p>\n<p style=\"padding-left: 40px;\">Begegnungshaus &#8220;Jakubetzstift&#8221;<br \/>\nVerein(t) f\u00fcr Wittichenau e.V.<br \/>\nBautzener Stra\u00dfe 30<br \/>\n02997 Wittichenau<\/p>\n<p><strong>Agenda:<\/strong><\/p>\n<ol>\n<li>Begr\u00fc\u00dfung durch Prof. Seifert \/ Prof. Schegner<\/li>\n<li>Update Projektstand<\/li>\n<li>Auswertung 2. B\u00fcrgerbefragung<\/li>\n<li>Ausblick<\/li>\n<\/ol>\n<p>Die 2. B\u00fcrgerbefragung im Rahmen des ZellSys-Projekts wurde zwischen dem <strong>2. November und dem 20. Dezember 2024<\/strong> durchgef\u00fchrt.<\/p>\n<p>&nbsp;<\/p>\n<p>Zudem wird es die M\u00f6glichkeit geben mit der TU Dresden in den Dialog zu kommen und den Inhalt mitzugestalten.<\/p>\n<p>Sollten Sie Fragen oder Anregungen f\u00fcr die B\u00fcrgerversammlung haben, m\u00f6chten wir Sie bitten, diese vorab an uns zu senden.<\/p>\n<p>&nbsp;<\/p>\n<p><strong>R\u00fcckfragen zur B\u00fcrgerbefragung und Auswertung<\/strong><br \/>\nAnsprechpartner: Dr.-Ing. Paul Seidel\/ Dipl.-Wi.-Ing. Pauline Grun<br \/>\nE-Mail: info@zellsys.de<\/p>","protected":false},"excerpt":{"rendered":"<p>ZellSys Wittichenau &#8211; Die Zukunft der Energieversorgung im l\u00e4ndlichen Raum &nbsp; Wir m\u00f6chten uns nochmals f\u00fcr die rege Teilnahme an der Befragung bedanken und m\u00f6chten Sie ganz herzlich zur ZellSys-B\u00fcrgerversammlung einladen, um Ihnen die Ergebnisse der B\u00fcrgerbefragung zu pr\u00e4sentieren. &nbsp; Datum: Dienstag, den 25. M\u00e4rz 2025 Uhrzeit: 17 \u2013 18 Uhr Ort: Begegnungshaus &#8220;Jakubetzstift&#8221; Verein(t) [&hellip;]<\/p>\n","protected":false},"author":41,"featured_media":11537,"comment_status":"closed","ping_status":"closed","sticky":false,"template":"","format":"standard","meta":{"footnotes":""},"categories":[100],"tags":[132,113,124],"_links":{"self":[{"href":"https:\/\/zellsys.de\/de\/wp-json\/wp\/v2\/posts\/12219"}],"collection":[{"href":"https:\/\/zellsys.de\/de\/wp-json\/wp\/v2\/posts"}],"about":[{"href":"https:\/\/zellsys.de\/de\/wp-json\/wp\/v2\/types\/post"}],"author":[{"embeddable":true,"href":"https:\/\/zellsys.de\/de\/wp-json\/wp\/v2\/users\/41"}],"replies":[{"embeddable":true,"href":"https:\/\/zellsys.de\/de\/wp-json\/wp\/v2\/comments?post=12219"}],"version-history":[{"count":2,"href":"https:\/\/zellsys.de\/de\/wp-json\/wp\/v2\/posts\/12219\/revisions"}],"predecessor-version":[{"id":12224,"href":"https:\/\/zellsys.de\/de\/wp-json\/wp\/v2\/posts\/12219\/revisions\/12224"}],"wp:featuredmedia":[{"embeddable":true,"href":"https:\/\/zellsys.de\/de\/wp-json\/wp\/v2\/media\/11537"}],"wp:attachment":[{"href":"https:\/\/zellsys.de\/de\/wp-json\/wp\/v2\/media?parent=12219"}],"wp:term":[{"taxonomy":"category","embeddable":true,"href":"https:\/\/zellsys.de\/de\/wp-json\/wp\/v2\/categories?post=12219"},{"taxonomy":"post_tag","embeddable":true,"href":"https:\/\/zellsys.de\/de\/wp-json\/wp\/v2\/tags?post=12219"}],"curies":[{"name":"wp","href":"https:\/\/api.w.org\/{rel}","templated":true}]}}